{"id":1002,"date":"2022-03-13T22:47:50","date_gmt":"2022-03-13T21:47:50","guid":{"rendered":"https:\/\/talencegymnastique.fr\/?p=1002"},"modified":"2022-03-13T22:47:52","modified_gmt":"2022-03-13T21:47:52","slug":"interdepartement-gaf-fed-a-05-06-mars-pessac","status":"publish","type":"post","link":"https:\/\/talencegymnastique.fr\/?p=1002","title":{"rendered":"InterD\u00e9partement GAF Fed A 05\/06 Mars Pessac"},"content":{"rendered":"\n<figure class=\"wp-block-image size-full\"><img loading=\"lazy\" decoding=\"async\" width=\"801\" height=\"801\" src=\"https:\/\/talencegymnastique.fr\/wp-content\/uploads\/2022\/03\/Photo-article.jpg\" alt=\"\" class=\"wp-image-1003\" srcset=\"https:\/\/talencegymnastique.fr\/wp-content\/uploads\/2022\/03\/Photo-article.jpg 801w, https:\/\/talencegymnastique.fr\/wp-content\/uploads\/2022\/03\/Photo-article-300x300.jpg 300w, https:\/\/talencegymnastique.fr\/wp-content\/uploads\/2022\/03\/Photo-article-150x150.jpg 150w, https:\/\/talencegymnastique.fr\/wp-content\/uploads\/2022\/03\/Photo-article-768x768.jpg 768w, https:\/\/talencegymnastique.fr\/wp-content\/uploads\/2022\/03\/Photo-article-435x435.jpg 435w, https:\/\/talencegymnastique.fr\/wp-content\/uploads\/2022\/03\/Photo-article-60x60.jpg 60w, https:\/\/talencegymnastique.fr\/wp-content\/uploads\/2022\/03\/Photo-article-600x600.jpg 600w\" sizes=\"auto, (max-width: 801px) 100vw, 801px\" \/><\/figure>\n\n\n\n<p>Retrouvez le d\u00e9tail des r\u00e9sultats &amp; les photos de la comp\u00e9tition sur la page des r\u00e9sultats :\u00a0<a href=\"https:\/\/talencegymnastique.fr\/?page_id=352\">Cliquez ici<\/a><\/p>\n","protected":false},"excerpt":{"rendered":"<p>Retrouvez le d\u00e9tail des r\u00e9sultats &amp; les photos de la comp\u00e9tition sur la page des r\u00e9sultats :\u00a0Cliquez ici<\/p>\n","protected":false},"author":1,"featured_media":1003,"comment_status":"open","ping_status":"open","sticky":false,"template":"","format":"standard","meta":{"_jetpack_memberships_contains_paid_content":false,"footnotes":""},"categories":[20,22],"tags":[],"class_list":["post-1002","post","type-post","status-publish","format-standard","has-post-thumbnail","hentry","category-resultats-2021-2022","category-saisons-passees"],"jetpack_featured_media_url":"https:\/\/talencegymnastique.fr\/wp-content\/uploads\/2022\/03\/Photo-article.jpg","jetpack_sharing_enabled":true,"_links":{"self":[{"href":"https:\/\/talencegymnastique.fr\/index.php?rest_route=\/wp\/v2\/posts\/1002","targetHints":{"allow":["GET"]}}],"collection":[{"href":"https:\/\/talencegymnastique.fr\/index.php?rest_route=\/wp\/v2\/posts"}],"about":[{"href":"https:\/\/talencegymnastique.fr\/index.php?rest_route=\/wp\/v2\/types\/post"}],"author":[{"embeddable":true,"href":"https:\/\/talencegymnastique.fr\/index.php?rest_route=\/wp\/v2\/users\/1"}],"replies":[{"embeddable":true,"href":"https:\/\/talencegymnastique.fr\/index.php?rest_route=%2Fwp%2Fv2%2Fcomments&post=1002"}],"version-history":[{"count":1,"href":"https:\/\/talencegymnastique.fr\/index.php?rest_route=\/wp\/v2\/posts\/1002\/revisions"}],"predecessor-version":[{"id":1004,"href":"https:\/\/talencegymnastique.fr\/index.php?rest_route=\/wp\/v2\/posts\/1002\/revisions\/1004"}],"wp:featuredmedia":[{"embeddable":true,"href":"https:\/\/talencegymnastique.fr\/index.php?rest_route=\/wp\/v2\/media\/1003"}],"wp:attachment":[{"href":"https:\/\/talencegymnastique.fr\/index.php?rest_route=%2Fwp%2Fv2%2Fmedia&parent=1002"}],"wp:term":[{"taxonomy":"category","embeddable":true,"href":"https:\/\/talencegymnastique.fr\/index.php?rest_route=%2Fwp%2Fv2%2Fcategories&post=1002"},{"taxonomy":"post_tag","embeddable":true,"href":"https:\/\/talencegymnastique.fr\/index.php?rest_route=%2Fwp%2Fv2%2Ftags&post=1002"}],"curies":[{"name":"wp","href":"https:\/\/api.w.org\/{rel}","templated":true}]}}