{"id":1834,"date":"2025-09-04T19:20:58","date_gmt":"2025-09-04T17:20:58","guid":{"rendered":"https:\/\/talencegymnastique.fr\/?p=1834"},"modified":"2025-09-04T19:52:59","modified_gmt":"2025-09-04T17:52:59","slug":"%f0%9f%93%a3-on-recherche-notre-futur-service-civique-communication","status":"publish","type":"post","link":"https:\/\/talencegymnastique.fr\/?p=1834","title":{"rendered":"\ud83d\udce3 On recherche notre service civique en communication !"},"content":{"rendered":"\n<p>Tu es passionn\u00e9 par la gymnastique, la photo ! Ce poste est fait pour toi ! \u2728<\/p>\n\n\n\n<p>Le club souhaite d\u00e9velopper sa communication aupr\u00e8s de tous les publics, notamment ceux qui ne se servent que des r\u00e9seaux sociaux pour s&rsquo;informer en les incitant \u00e0 venir nous rencontrer et essayer de nouvelles pratiques sportives afin de cr\u00e9er du lien social et sortir de leurs activit\u00e9s virtuelles.<\/p>\n\n\n\n<p>La\/le volontaire aura \u00e0 d\u00e9velopper plusieurs activit\u00e9s sous la responsabilit\u00e9 des salari\u00e9s du club et des membres du bureau : accompagner et d\u00e9velopper la communication au sein du club et \u00e0 l&rsquo;ext\u00e9rieur vers la population de la commune de Talence, encourager et soutenir la communication et la mise en place d&rsquo;\u00e9v\u00e8nements associatifs tels que la f\u00eate de No\u00ebl, le loto, le vide grenier ou le gala de fin d&rsquo;ann\u00e9e afin de renforcer le lien social entre les adh\u00e9rents, participer ponctuellement \u00e0 un ou plusieurs \u00e9v\u00e8nements organis\u00e9s par la F\u00e9d\u00e9ration fran\u00e7aise de gymnastique, favoriser l&rsquo;acc\u00e8s \u00e0 la pratique sportive des publics les plus \u00e9loign\u00e9s, aider \u00e0 l&rsquo;encadrement de s\u00e9ances d&rsquo;entrainements sur certains groupes, aider \u00e0 l&rsquo;accompagnement de certaines \u00e9quipes en comp\u00e9tition en compl\u00e9ment des entraineurs. Il\/elle ira \u00e0 la rencontre du public et participera au d\u00e9veloppement de la communication du club via les r\u00e9seaux sociaux pour faire connaitre les actions du club et les rendre accessible.<\/p>\n\n\n\n<p>\u2139\ufe0f \u00c0 savoir :<br>Contrat de 24h\/semaine sous statut Service Civique, accessible sans condition de dipl\u00f4me (entre 16 et 25 ans, jusqu\u2019\u00e0 30 ans pour les personnes en situation de handicap)<\/p>\n\n\n\n<p>Toutes les infos sont sur <a href=\"https:\/\/www.service-civique.gouv.fr\/trouver-ma-mission\/accompagner-lacces-aux-pratiques-sportives-a-toutes-et-tous-sans-discrimination-2-6873e6272d3e6c115a3ec1f4\">l&rsquo;annonce post\u00e9e sur site du Service Civique<\/a><\/p>\n\n\n\n<p>Si tu es int\u00e9ress\u00e9 envoie-nous ton CV \u00e0 l\u2019adresse suivante : fanie.m@gmail.com<\/p>\n\n\n\n<figure class=\"wp-block-image\"><img loading=\"lazy\" decoding=\"async\" width=\"1024\" height=\"1536\" src=\"https:\/\/talencegymnastique.fr\/wp-content\/uploads\/2025\/09\/ChatGPT-Image-4-sept.-2025-19_38_15.png\" alt=\"\" class=\"wp-image-1839\" style=\"aspect-ratio:3\/2;object-fit:cover\" srcset=\"https:\/\/talencegymnastique.fr\/wp-content\/uploads\/2025\/09\/ChatGPT-Image-4-sept.-2025-19_38_15.png 1024w, https:\/\/talencegymnastique.fr\/wp-content\/uploads\/2025\/09\/ChatGPT-Image-4-sept.-2025-19_38_15-200x300.png 200w, https:\/\/talencegymnastique.fr\/wp-content\/uploads\/2025\/09\/ChatGPT-Image-4-sept.-2025-19_38_15-768x1152.png 768w, https:\/\/talencegymnastique.fr\/wp-content\/uploads\/2025\/09\/ChatGPT-Image-4-sept.-2025-19_38_15-683x1024.png 683w, https:\/\/talencegymnastique.fr\/wp-content\/uploads\/2025\/09\/ChatGPT-Image-4-sept.-2025-19_38_15-600x900.png 600w\" sizes=\"auto, (max-width: 1024px) 100vw, 1024px\" \/><\/figure>\n\n\n\n<p><\/p>\n","protected":false},"excerpt":{"rendered":"<p>Tu es passionn\u00e9 par la gymnastique, la photo ! Ce poste est fait pour toi ! \u2728 Le club souhaite d\u00e9velopper sa communication aupr\u00e8s de tous les publics, notamment ceux qui ne se servent que des r\u00e9seaux sociaux pour s&rsquo;informer en les incitant \u00e0 venir nous rencontrer et essayer de nouvelles pratiques sportives afin de &hellip; <\/p>\n","protected":false},"author":7,"featured_media":1839,"comment_status":"open","ping_status":"open","sticky":false,"template":"","format":"standard","meta":{"_jetpack_memberships_contains_paid_content":false,"footnotes":""},"categories":[21],"tags":[],"class_list":["post-1834","post","type-post","status-publish","format-standard","has-post-thumbnail","hentry","category-infos-club"],"jetpack_featured_media_url":"https:\/\/talencegymnastique.fr\/wp-content\/uploads\/2025\/09\/ChatGPT-Image-4-sept.-2025-19_38_15.png","jetpack_sharing_enabled":true,"_links":{"self":[{"href":"https:\/\/talencegymnastique.fr\/index.php?rest_route=\/wp\/v2\/posts\/1834","targetHints":{"allow":["GET"]}}],"collection":[{"href":"https:\/\/talencegymnastique.fr\/index.php?rest_route=\/wp\/v2\/posts"}],"about":[{"href":"https:\/\/talencegymnastique.fr\/index.php?rest_route=\/wp\/v2\/types\/post"}],"author":[{"embeddable":true,"href":"https:\/\/talencegymnastique.fr\/index.php?rest_route=\/wp\/v2\/users\/7"}],"replies":[{"embeddable":true,"href":"https:\/\/talencegymnastique.fr\/index.php?rest_route=%2Fwp%2Fv2%2Fcomments&post=1834"}],"version-history":[{"count":3,"href":"https:\/\/talencegymnastique.fr\/index.php?rest_route=\/wp\/v2\/posts\/1834\/revisions"}],"predecessor-version":[{"id":1841,"href":"https:\/\/talencegymnastique.fr\/index.php?rest_route=\/wp\/v2\/posts\/1834\/revisions\/1841"}],"wp:featuredmedia":[{"embeddable":true,"href":"https:\/\/talencegymnastique.fr\/index.php?rest_route=\/wp\/v2\/media\/1839"}],"wp:attachment":[{"href":"https:\/\/talencegymnastique.fr\/index.php?rest_route=%2Fwp%2Fv2%2Fmedia&parent=1834"}],"wp:term":[{"taxonomy":"category","embeddable":true,"href":"https:\/\/talencegymnastique.fr\/index.php?rest_route=%2Fwp%2Fv2%2Fcategories&post=1834"},{"taxonomy":"post_tag","embeddable":true,"href":"https:\/\/talencegymnastique.fr\/index.php?rest_route=%2Fwp%2Fv2%2Ftags&post=1834"}],"curies":[{"name":"wp","href":"https:\/\/api.w.org\/{rel}","templated":true}]}}