{"id":1993,"date":"2026-03-17T19:31:39","date_gmt":"2026-03-17T18:31:39","guid":{"rendered":"https:\/\/talencegymnastique.fr\/?p=1993"},"modified":"2026-03-17T19:38:48","modified_gmt":"2026-03-17T18:38:48","slug":"competition-interne-le-defi-des-champions","status":"publish","type":"post","link":"https:\/\/talencegymnastique.fr\/?p=1993","title":{"rendered":"Comp\u00e9tition Interne : Le D\u00e9fi des Champions !"},"content":{"rendered":"\n<div class=\"wp-block-media-text is-stacked-on-mobile\"><figure class=\"wp-block-media-text__media\"><img loading=\"lazy\" decoding=\"async\" width=\"724\" height=\"1024\" src=\"https:\/\/talencegymnastique.fr\/wp-content\/uploads\/2026\/03\/Affiche-rencontre-interne-1-724x1024.png\" alt=\"\" class=\"wp-image-1994 size-full\" srcset=\"https:\/\/talencegymnastique.fr\/wp-content\/uploads\/2026\/03\/Affiche-rencontre-interne-1-724x1024.png 724w, https:\/\/talencegymnastique.fr\/wp-content\/uploads\/2026\/03\/Affiche-rencontre-interne-1-212x300.png 212w, https:\/\/talencegymnastique.fr\/wp-content\/uploads\/2026\/03\/Affiche-rencontre-interne-1-768x1086.png 768w, https:\/\/talencegymnastique.fr\/wp-content\/uploads\/2026\/03\/Affiche-rencontre-interne-1-1086x1536.png 1086w, https:\/\/talencegymnastique.fr\/wp-content\/uploads\/2026\/03\/Affiche-rencontre-interne-1-600x849.png 600w, https:\/\/talencegymnastique.fr\/wp-content\/uploads\/2026\/03\/Affiche-rencontre-interne-1.png 1414w\" sizes=\"auto, (max-width: 724px) 100vw, 724px\" \/><\/figure><div class=\"wp-block-media-text__content\">\n<p>Saviez-vous que plus de 400 gymnastes s&rsquo;entra\u00eenent chaque semaine chez nous ? <\/p>\n\n\n\n<p>De la Baby-Gym aux adultes, l&rsquo;\u00e9nergie est au rendez-vous ! Alors marquez vos calendrier<\/p>\n\n\n\n<ul class=\"wp-block-list\">\n<li>Le <strong>28 mars 2025<\/strong>, le gymnase S\u00e9vign\u00e9 se transforme en ar\u00e8ne olympique pour notre grande <strong>Comp\u00e9tition Interne annuelle<\/strong> ! C\u2019est le moment tant attendu par nos gymnastes pour pr\u00e9senter leurs progr\u00e8s, valider leurs nouveaux \u00e9l\u00e9ments et vivre l&rsquo;adr\u00e9naline du plateau de comp\u00e9tition dans une ambiance 100% club.<\/li>\n<\/ul>\n\n\n\n<p>Parce qu&rsquo;une comp\u00e9tition \u00e0 Talence n&rsquo;est rien sans son esprit de famille, une buvette tenue par nos b\u00e9n\u00e9voles sera disponible toute la journ\u00e9e :<\/p>\n\n\n\n<p><strong>Appel aux p\u00e2tissiers :<\/strong> N&rsquo;h\u00e9sitez pas \u00e0 apporter vos cr\u00e9ations le matin m\u00eame pour garnir notre stand !<\/p>\n<\/div><\/div>\n","protected":false},"excerpt":{"rendered":"","protected":false},"author":1,"featured_media":1994,"comment_status":"open","ping_status":"open","sticky":false,"template":"","format":"standard","meta":{"_jetpack_memberships_contains_paid_content":false,"footnotes":""},"categories":[21],"tags":[],"class_list":["post-1993","post","type-post","status-publish","format-standard","has-post-thumbnail","hentry","category-infos-club"],"jetpack_featured_media_url":"https:\/\/talencegymnastique.fr\/wp-content\/uploads\/2026\/03\/Affiche-rencontre-interne-1.png","jetpack_sharing_enabled":true,"_links":{"self":[{"href":"https:\/\/talencegymnastique.fr\/index.php?rest_route=\/wp\/v2\/posts\/1993","targetHints":{"allow":["GET"]}}],"collection":[{"href":"https:\/\/talencegymnastique.fr\/index.php?rest_route=\/wp\/v2\/posts"}],"about":[{"href":"https:\/\/talencegymnastique.fr\/index.php?rest_route=\/wp\/v2\/types\/post"}],"author":[{"embeddable":true,"href":"https:\/\/talencegymnastique.fr\/index.php?rest_route=\/wp\/v2\/users\/1"}],"replies":[{"embeddable":true,"href":"https:\/\/talencegymnastique.fr\/index.php?rest_route=%2Fwp%2Fv2%2Fcomments&post=1993"}],"version-history":[{"count":1,"href":"https:\/\/talencegymnastique.fr\/index.php?rest_route=\/wp\/v2\/posts\/1993\/revisions"}],"predecessor-version":[{"id":1995,"href":"https:\/\/talencegymnastique.fr\/index.php?rest_route=\/wp\/v2\/posts\/1993\/revisions\/1995"}],"wp:featuredmedia":[{"embeddable":true,"href":"https:\/\/talencegymnastique.fr\/index.php?rest_route=\/wp\/v2\/media\/1994"}],"wp:attachment":[{"href":"https:\/\/talencegymnastique.fr\/index.php?rest_route=%2Fwp%2Fv2%2Fmedia&parent=1993"}],"wp:term":[{"taxonomy":"category","embeddable":true,"href":"https:\/\/talencegymnastique.fr\/index.php?rest_route=%2Fwp%2Fv2%2Fcategories&post=1993"},{"taxonomy":"post_tag","embeddable":true,"href":"https:\/\/talencegymnastique.fr\/index.php?rest_route=%2Fwp%2Fv2%2Ftags&post=1993"}],"curies":[{"name":"wp","href":"https:\/\/api.w.org\/{rel}","templated":true}]}}