{"id":460,"date":"2020-07-24T16:15:06","date_gmt":"2020-07-24T14:15:06","guid":{"rendered":"https:\/\/talencegymnastique.fr\/?p=460"},"modified":"2020-07-24T16:42:30","modified_gmt":"2020-07-24T14:42:30","slug":"cest-les-vacances","status":"publish","type":"post","link":"https:\/\/talencegymnastique.fr\/?p=460","title":{"rendered":"C&rsquo;est les vacances  !"},"content":{"rendered":"\n<p>Nous vous souhaitons un bel \u00e9t\u00e9 plein de soleil et de joie  !<\/p>\n\n\n\n<hr class=\"wp-block-separator has-text-color has-background has-vivid-red-background-color has-vivid-red-color\"\/>\n\n\n\n<p>Nous revenons le 17 Ao\u00fbt pour r\u00e9pondre \u00e0 toutes vos demandes.<\/p>\n\n\n\n<p>En attendant visitez notre page sp\u00e9ciale INSCRIPTIONS  : <a href=\"https:\/\/talencegymnastique.fr\/?page_id=53\">Inscriptions Saison 2020\/2021<\/a><\/p>\n\n\n\n<p>Et posez nous toute vos questions par mail : Talencegym@gmail.com<\/p>\n\n\n\n<div class=\"wp-block-image\"><figure class=\"aligncenter size-large is-resized\"><img loading=\"lazy\" decoding=\"async\" src=\"https:\/\/talencegymnastique.fr\/wp-content\/uploads\/2020\/04\/LOGO-ROND-US-TALENCE-GYM-MAJ-SEPT2019-GRAND-images-scaled-e1587991809645.jpg\" alt=\"\" class=\"wp-image-193\" width=\"164\" height=\"232\"\/><\/figure><\/div>\n","protected":false},"excerpt":{"rendered":"<p>Nous vous souhaitons un bel \u00e9t\u00e9 plein de soleil et de joie ! Nous revenons le 17 Ao\u00fbt pour r\u00e9pondre \u00e0 toutes vos demandes. En attendant visitez notre page sp\u00e9ciale INSCRIPTIONS : Inscriptions Saison 2020\/2021 Et posez nous toute vos questions par mail : Talencegym@gmail.com<\/p>\n","protected":false},"author":2,"featured_media":463,"comment_status":"open","ping_status":"open","sticky":false,"template":"","format":"standard","meta":{"_jetpack_memberships_contains_paid_content":false,"footnotes":""},"categories":[21],"tags":[],"class_list":["post-460","post","type-post","status-publish","format-standard","has-post-thumbnail","hentry","category-infos-club"],"jetpack_featured_media_url":"https:\/\/talencegymnastique.fr\/wp-content\/uploads\/2020\/07\/Bandeau-ARTICLE-Cest-les-vacances-V2-scaled.jpg","jetpack_sharing_enabled":true,"_links":{"self":[{"href":"https:\/\/talencegymnastique.fr\/index.php?rest_route=\/wp\/v2\/posts\/460","targetHints":{"allow":["GET"]}}],"collection":[{"href":"https:\/\/talencegymnastique.fr\/index.php?rest_route=\/wp\/v2\/posts"}],"about":[{"href":"https:\/\/talencegymnastique.fr\/index.php?rest_route=\/wp\/v2\/types\/post"}],"author":[{"embeddable":true,"href":"https:\/\/talencegymnastique.fr\/index.php?rest_route=\/wp\/v2\/users\/2"}],"replies":[{"embeddable":true,"href":"https:\/\/talencegymnastique.fr\/index.php?rest_route=%2Fwp%2Fv2%2Fcomments&post=460"}],"version-history":[{"count":2,"href":"https:\/\/talencegymnastique.fr\/index.php?rest_route=\/wp\/v2\/posts\/460\/revisions"}],"predecessor-version":[{"id":465,"href":"https:\/\/talencegymnastique.fr\/index.php?rest_route=\/wp\/v2\/posts\/460\/revisions\/465"}],"wp:featuredmedia":[{"embeddable":true,"href":"https:\/\/talencegymnastique.fr\/index.php?rest_route=\/wp\/v2\/media\/463"}],"wp:attachment":[{"href":"https:\/\/talencegymnastique.fr\/index.php?rest_route=%2Fwp%2Fv2%2Fmedia&parent=460"}],"wp:term":[{"taxonomy":"category","embeddable":true,"href":"https:\/\/talencegymnastique.fr\/index.php?rest_route=%2Fwp%2Fv2%2Fcategories&post=460"},{"taxonomy":"post_tag","embeddable":true,"href":"https:\/\/talencegymnastique.fr\/index.php?rest_route=%2Fwp%2Fv2%2Ftags&post=460"}],"curies":[{"name":"wp","href":"https:\/\/api.w.org\/{rel}","templated":true}]}}