{"id":883,"date":"2022-01-26T12:15:44","date_gmt":"2022-01-26T11:15:44","guid":{"rendered":"https:\/\/talencegymnastique.fr\/?p=883"},"modified":"2022-01-26T12:15:48","modified_gmt":"2022-01-26T11:15:48","slug":"departement-individuel-gam-gaf-22-janvier-la-teste","status":"publish","type":"post","link":"https:\/\/talencegymnastique.fr\/?p=883","title":{"rendered":"D\u00e9partement Individuel GAM\/GAF 22 janvier La Teste"},"content":{"rendered":"\n<figure class=\"wp-block-gallery columns-2 is-cropped wp-block-gallery-1 is-layout-flex wp-block-gallery-is-layout-flex\"><ul class=\"blocks-gallery-grid\"><li class=\"blocks-gallery-item\"><figure><img loading=\"lazy\" decoding=\"async\" width=\"801\" height=\"801\" src=\"https:\/\/talencegymnastique.fr\/wp-content\/uploads\/2022\/01\/Indiv-GAF.png\" alt=\"\" data-id=\"884\" data-full-url=\"https:\/\/talencegymnastique.fr\/wp-content\/uploads\/2022\/01\/Indiv-GAF.png\" data-link=\"https:\/\/talencegymnastique.fr\/?attachment_id=884\" class=\"wp-image-884\" srcset=\"https:\/\/talencegymnastique.fr\/wp-content\/uploads\/2022\/01\/Indiv-GAF.png 801w, https:\/\/talencegymnastique.fr\/wp-content\/uploads\/2022\/01\/Indiv-GAF-300x300.png 300w, https:\/\/talencegymnastique.fr\/wp-content\/uploads\/2022\/01\/Indiv-GAF-150x150.png 150w, https:\/\/talencegymnastique.fr\/wp-content\/uploads\/2022\/01\/Indiv-GAF-768x768.png 768w, https:\/\/talencegymnastique.fr\/wp-content\/uploads\/2022\/01\/Indiv-GAF-435x435.png 435w, https:\/\/talencegymnastique.fr\/wp-content\/uploads\/2022\/01\/Indiv-GAF-60x60.png 60w, https:\/\/talencegymnastique.fr\/wp-content\/uploads\/2022\/01\/Indiv-GAF-600x600.png 600w\" sizes=\"auto, (max-width: 801px) 100vw, 801px\" \/><\/figure><\/li><li class=\"blocks-gallery-item\"><figure><img loading=\"lazy\" decoding=\"async\" width=\"801\" height=\"801\" src=\"https:\/\/talencegymnastique.fr\/wp-content\/uploads\/2022\/01\/Indiv-GAM.png\" alt=\"\" data-id=\"885\" data-full-url=\"https:\/\/talencegymnastique.fr\/wp-content\/uploads\/2022\/01\/Indiv-GAM.png\" data-link=\"https:\/\/talencegymnastique.fr\/?attachment_id=885\" class=\"wp-image-885\" srcset=\"https:\/\/talencegymnastique.fr\/wp-content\/uploads\/2022\/01\/Indiv-GAM.png 801w, https:\/\/talencegymnastique.fr\/wp-content\/uploads\/2022\/01\/Indiv-GAM-300x300.png 300w, https:\/\/talencegymnastique.fr\/wp-content\/uploads\/2022\/01\/Indiv-GAM-150x150.png 150w, https:\/\/talencegymnastique.fr\/wp-content\/uploads\/2022\/01\/Indiv-GAM-768x768.png 768w, https:\/\/talencegymnastique.fr\/wp-content\/uploads\/2022\/01\/Indiv-GAM-435x435.png 435w, https:\/\/talencegymnastique.fr\/wp-content\/uploads\/2022\/01\/Indiv-GAM-60x60.png 60w, https:\/\/talencegymnastique.fr\/wp-content\/uploads\/2022\/01\/Indiv-GAM-600x600.png 600w\" sizes=\"auto, (max-width: 801px) 100vw, 801px\" \/><\/figure><\/li><\/ul><\/figure>\n\n\n\n<p>Retrouvez le d\u00e9tail des r\u00e9sultats &amp; les photos de la comp\u00e9tition sur la page des r\u00e9sultats : <a href=\"https:\/\/talencegymnastique.fr\/?page_id=352\" data-type=\"URL\" data-id=\"https:\/\/talencegymnastique.fr\/?page_id=352\">Cliquez ici<\/a><\/p>\n","protected":false},"excerpt":{"rendered":"<p>Retrouvez le d\u00e9tail des r\u00e9sultats &amp; les photos de la comp\u00e9tition sur la page des r\u00e9sultats : Cliquez ici<\/p>\n","protected":false},"author":1,"featured_media":884,"comment_status":"open","ping_status":"open","sticky":false,"template":"","format":"standard","meta":{"_jetpack_memberships_contains_paid_content":false,"footnotes":""},"categories":[20],"tags":[],"class_list":["post-883","post","type-post","status-publish","format-standard","has-post-thumbnail","hentry","category-resultats-2021-2022"],"jetpack_featured_media_url":"https:\/\/talencegymnastique.fr\/wp-content\/uploads\/2022\/01\/Indiv-GAF.png","jetpack_sharing_enabled":true,"_links":{"self":[{"href":"https:\/\/talencegymnastique.fr\/index.php?rest_route=\/wp\/v2\/posts\/883","targetHints":{"allow":["GET"]}}],"collection":[{"href":"https:\/\/talencegymnastique.fr\/index.php?rest_route=\/wp\/v2\/posts"}],"about":[{"href":"https:\/\/talencegymnastique.fr\/index.php?rest_route=\/wp\/v2\/types\/post"}],"author":[{"embeddable":true,"href":"https:\/\/talencegymnastique.fr\/index.php?rest_route=\/wp\/v2\/users\/1"}],"replies":[{"embeddable":true,"href":"https:\/\/talencegymnastique.fr\/index.php?rest_route=%2Fwp%2Fv2%2Fcomments&post=883"}],"version-history":[{"count":1,"href":"https:\/\/talencegymnastique.fr\/index.php?rest_route=\/wp\/v2\/posts\/883\/revisions"}],"predecessor-version":[{"id":886,"href":"https:\/\/talencegymnastique.fr\/index.php?rest_route=\/wp\/v2\/posts\/883\/revisions\/886"}],"wp:featuredmedia":[{"embeddable":true,"href":"https:\/\/talencegymnastique.fr\/index.php?rest_route=\/wp\/v2\/media\/884"}],"wp:attachment":[{"href":"https:\/\/talencegymnastique.fr\/index.php?rest_route=%2Fwp%2Fv2%2Fmedia&parent=883"}],"wp:term":[{"taxonomy":"category","embeddable":true,"href":"https:\/\/talencegymnastique.fr\/index.php?rest_route=%2Fwp%2Fv2%2Fcategories&post=883"},{"taxonomy":"post_tag","embeddable":true,"href":"https:\/\/talencegymnastique.fr\/index.php?rest_route=%2Fwp%2Fv2%2Ftags&post=883"}],"curies":[{"name":"wp","href":"https:\/\/api.w.org\/{rel}","templated":true}]}}