{"id":916,"date":"2022-01-26T17:49:17","date_gmt":"2022-01-26T16:49:17","guid":{"rendered":"https:\/\/talencegymnastique.fr\/?p=916"},"modified":"2022-01-26T18:00:05","modified_gmt":"2022-01-26T17:00:05","slug":"coach-federal-gaf","status":"publish","type":"post","link":"https:\/\/talencegymnastique.fr\/?p=916","title":{"rendered":"Coach F\u00e9d\u00e9ral GAF"},"content":{"rendered":"\n<p>Mise \u00e0 l&rsquo;honneur des coaches du secteur F\u00e9d\u00e9ral GAF, voir sur la page des cadres techniques : <a href=\"https:\/\/talencegymnastique.fr\/?page_id=332\" data-type=\"URL\" data-id=\"https:\/\/talencegymnastique.fr\/?page_id=332\">Cliquez ici<\/a><\/p>\n\n\n\n<figure class=\"wp-block-image size-full\"><img loading=\"lazy\" decoding=\"async\" width=\"801\" height=\"801\" src=\"https:\/\/talencegymnastique.fr\/wp-content\/uploads\/2022\/01\/271537701_506157244158031_7366898378128525576_n.jpg\" alt=\"\" class=\"wp-image-913\" srcset=\"https:\/\/talencegymnastique.fr\/wp-content\/uploads\/2022\/01\/271537701_506157244158031_7366898378128525576_n.jpg 801w, https:\/\/talencegymnastique.fr\/wp-content\/uploads\/2022\/01\/271537701_506157244158031_7366898378128525576_n-300x300.jpg 300w, https:\/\/talencegymnastique.fr\/wp-content\/uploads\/2022\/01\/271537701_506157244158031_7366898378128525576_n-150x150.jpg 150w, https:\/\/talencegymnastique.fr\/wp-content\/uploads\/2022\/01\/271537701_506157244158031_7366898378128525576_n-768x768.jpg 768w, https:\/\/talencegymnastique.fr\/wp-content\/uploads\/2022\/01\/271537701_506157244158031_7366898378128525576_n-435x435.jpg 435w, https:\/\/talencegymnastique.fr\/wp-content\/uploads\/2022\/01\/271537701_506157244158031_7366898378128525576_n-60x60.jpg 60w, https:\/\/talencegymnastique.fr\/wp-content\/uploads\/2022\/01\/271537701_506157244158031_7366898378128525576_n-600x600.jpg 600w\" sizes=\"auto, (max-width: 801px) 100vw, 801px\" \/><\/figure>\n","protected":false},"excerpt":{"rendered":"<p>Mise \u00e0 l&rsquo;honneur des coaches du secteur F\u00e9d\u00e9ral GAF, voir sur la page des cadres techniques : Cliquez ici<\/p>\n","protected":false},"author":1,"featured_media":913,"comment_status":"open","ping_status":"open","sticky":false,"template":"","format":"standard","meta":{"_jetpack_memberships_contains_paid_content":false,"footnotes":""},"categories":[33],"tags":[],"class_list":["post-916","post","type-post","status-publish","format-standard","has-post-thumbnail","hentry","category-coach"],"jetpack_featured_media_url":"https:\/\/talencegymnastique.fr\/wp-content\/uploads\/2022\/01\/271537701_506157244158031_7366898378128525576_n.jpg","jetpack_sharing_enabled":true,"_links":{"self":[{"href":"https:\/\/talencegymnastique.fr\/index.php?rest_route=\/wp\/v2\/posts\/916","targetHints":{"allow":["GET"]}}],"collection":[{"href":"https:\/\/talencegymnastique.fr\/index.php?rest_route=\/wp\/v2\/posts"}],"about":[{"href":"https:\/\/talencegymnastique.fr\/index.php?rest_route=\/wp\/v2\/types\/post"}],"author":[{"embeddable":true,"href":"https:\/\/talencegymnastique.fr\/index.php?rest_route=\/wp\/v2\/users\/1"}],"replies":[{"embeddable":true,"href":"https:\/\/talencegymnastique.fr\/index.php?rest_route=%2Fwp%2Fv2%2Fcomments&post=916"}],"version-history":[{"count":2,"href":"https:\/\/talencegymnastique.fr\/index.php?rest_route=\/wp\/v2\/posts\/916\/revisions"}],"predecessor-version":[{"id":922,"href":"https:\/\/talencegymnastique.fr\/index.php?rest_route=\/wp\/v2\/posts\/916\/revisions\/922"}],"wp:featuredmedia":[{"embeddable":true,"href":"https:\/\/talencegymnastique.fr\/index.php?rest_route=\/wp\/v2\/media\/913"}],"wp:attachment":[{"href":"https:\/\/talencegymnastique.fr\/index.php?rest_route=%2Fwp%2Fv2%2Fmedia&parent=916"}],"wp:term":[{"taxonomy":"category","embeddable":true,"href":"https:\/\/talencegymnastique.fr\/index.php?rest_route=%2Fwp%2Fv2%2Fcategories&post=916"},{"taxonomy":"post_tag","embeddable":true,"href":"https:\/\/talencegymnastique.fr\/index.php?rest_route=%2Fwp%2Fv2%2Ftags&post=916"}],"curies":[{"name":"wp","href":"https:\/\/api.w.org\/{rel}","templated":true}]}}